{"id":4894,"date":"2024-09-17T08:30:24","date_gmt":"2024-09-17T06:30:24","guid":{"rendered":"https:\/\/fwwh.ch\/?p=4894"},"modified":"2024-09-17T10:31:35","modified_gmt":"2024-09-17T08:31:35","slug":"first-responder","status":"publish","type":"post","link":"https:\/\/fwwh.ch\/index.php\/2024\/09\/17\/first-responder\/","title":{"rendered":"First Responder"},"content":{"rendered":"\t\t<div data-elementor-type=\"wp-post\" data-elementor-id=\"4894\" class=\"elementor elementor-4894\" data-elementor-post-type=\"post\">\n\t\t\t\t\t\t<section class=\"elementor-section elementor-top-section elementor-element elementor-element-848ad62 elementor-section-boxed elementor-section-height-default elementor-section-height-default\" data-id=\"848ad62\" data-element_type=\"section\" data-e-type=\"section\">\n\t\t\t\t\t\t<div class=\"elementor-container elementor-column-gap-default\">\n\t\t\t\t\t<div class=\"elementor-column elementor-col-100 elementor-top-column elementor-element elementor-element-90d379a\" data-id=\"90d379a\" data-element_type=\"column\" data-e-type=\"column\">\n\t\t\t<div class=\"elementor-widget-wrap elementor-element-populated\">\n\t\t\t\t\t\t<div class=\"elementor-element elementor-element-23f1cda elementor-widget elementor-widget-text-editor\" data-id=\"23f1cda\" data-element_type=\"widget\" data-e-type=\"widget\" data-widget_type=\"text-editor.default\">\n\t\t\t\t<div class=\"elementor-widget-container\">\n\t\t\t\t\t\t\t\t\t<p>Seit September 2024 verf\u00fcgt die Feuerwehr Wittenbach-H\u00e4ggenschwil \u00fcber ein \u00abFirst Responder\u00bb-Team, eine spezielle Einsatzgruppe f\u00fcr die schnelle Hilfe bei akuten gesundheitlichen Problemen. Dar\u00fcber sprachen wir mit dem Feuerwehrkommandanten Beni Gautschi.<\/p>\n<p><strong>In welchen F\u00e4llen kommt das neue \u00abFirst Responder\u00bb-Team zum Einsatz?<\/strong><\/p>\n<p>Beni Gautschi: \u00abNach einer Alarmierung in F\u00e4llen von akuter Lebensgefahr, beispielsweise infolge Atemnot, Bewusstlosigkeit, Stromschlag, Herzstillstand oder bei einem Badeunfall verk\u00fcrzen und \u00fcberbr\u00fccken wir die Zeit, bis der Rettungswagen, der Notarzt oder die Rega mit Not\u00e4rzt*innen eintreffen. Ziel ist es, den Patienten bzw. die Patientin am Leben zu erhalten bzw. zu reanimieren, und zwar so schnell wie m\u00f6glich, denn jede Minute z\u00e4hlt.\u00bb<\/p>\n<p><strong>Wie gross ist das neue \u00abFirst Responder\u00bb- Team?<\/strong><\/p>\n<p>\u00abVor zwei Jahren haben die Gemeinder\u00e4te von Wittenbach und H\u00e4ggenschwil unseren Vorschlag f\u00fcr den Aufbau eines \u2039First Responder\u203a-Teams einhellig bewilligt und sofort gr\u00fcnes Licht gegeben. Erfreulicherweise haben sich auf unseren nachfolgenden Aufruf zahlreiche Personen gemeldet, die sich f\u00fcr diese Einsatzgruppe zur Verf\u00fcgung stellten. Mittlerweile haben 20 Frauen und M\u00e4nner nach der Ausbildung das IVR1-Zertifikat erhalten, das Eins\u00e4tze erm\u00f6glicht. Begeistert sind wir auch dar\u00fcber, dass wir mit Nadja Scherle eine hervorragende operative Leiterin f\u00fcr das \u2039First Responder\u203a-Team gefunden haben. Als vormalige Kommandantin der Stabskompanie bei der Feuerwehr der Stadt St.Gallen ist sie f\u00fcr uns ein echter Gl\u00fccksfall.\u00bb<\/p>\n<p><strong>Gab es nebst der Ausbildung weitere Investitionen f\u00fcr die neue Einsatzgruppe? <\/strong><\/p>\n<p>\u00abWir haben f\u00fcnf Sets an Ausr\u00fcstungen gekauft und zudem zwei Einsatzleiterfahrzeuge bestellt. Die Ausr\u00fcstung besteht aus Notfallrucksack, Defibrillator und Sauerstoff. Das Fahrzeug wird sowohl bei Brandf\u00e4llen als auch bei \u2039First Responder\u203a-Alarmierungen zum Einsatz kommen.\u00bb<\/p>\n<p><strong>Mit wie vielen \u00abFirst Responder\u00bb-Eins\u00e4tzen rechnen Sie? <\/strong><\/p>\n<p>\u00abIn unserem Rayon, der die Gemeinden Wittenbach und H\u00e4ggenschwil umfasst, rechnen wir mit 20 bis 30 Eins\u00e4tzen pro Jahr. Schon kurz nach dem Start, am 3.\u2009September 2024, hatten wir bereits einen ersten und \u2013 was nicht selbstverst\u00e4ndlich ist \u2013 erfolgreichen Einsatz.\u00bb<\/p>\n<p><strong>Wie l<\/strong><strong>\u00e4uft die Alarmierung ab? <\/strong><\/p>\n<p>\u00abDie Auftr\u00e4ge werden von der kantonalen Notfallzentrale in St.Gallen erteilt und erreichen uns zeitgleich via Smartphone-App, SMS, Telefon und via Pager unter dem Titel \u2039Feuerwehr Alarm\u203a. So wird sichergestellt, dass die Meldung in jedem Fall bei unserem Team ankommt. Jedes zu diesem Zeitpunkt verf\u00fcgbare Teammitglied reagiert dann mit Feedback \u2039ich komme direkt\u203a, \u2039ich komme\u203a oder \u2039abwesend\u203a. Ein Vier-Personen-Team ist dann so schnell wie m\u00f6glich vor Ort, m\u00f6glichst innert f\u00fcnf Minuten. Sie beurteilen, intervenieren oder betreuen den Patienten bzw. die Patientin bis zum Eintreffen der professionellen Retter.\u00bb<\/p>\n<p><strong>Ihr erstes Fazit so kurz nach dem Start? <\/strong><\/p>\n<p>\u00abMit dem \u2039First Responder\u203a-Team erh\u00f6hen wir die Chance f\u00fcr das \u00dcberleben der Einwohnerinnen und Einwohner bei F\u00e4llen von akuter Lebensgefahr. Jedes Mitglied des Teams profitiert ebenfalls pers\u00f6nlich und ich sch\u00e4tze auch die Synergien mit der Feuerwehr.\u00bb<\/p>\n<p><\/p>\n<p>Quelle: am Puls 2024\/37, <a href=\"https:\/\/www.wittenbach.ch\/_docn\/5277295\/amPuls_2024_37.pdf\" target=\"_blank\" rel=\"noopener\">https:\/\/www.wittenbach.ch\/_docn\/5277295\/amPuls_2024_37.pdf<\/a><\/p>\t\t\t\t\t\t\t\t<\/div>\n\t\t\t\t<\/div>\n\t\t\t\t\t<\/div>\n\t\t<\/div>\n\t\t\t\t\t<\/div>\n\t\t<\/section>\n\t\t\t\t<\/div>\n\t\t","protected":false},"excerpt":{"rendered":"<p>Seit September 2024 verf\u00fcgt die Feuerwehr Wittenbach-H\u00e4ggenschwil \u00fcber ein \u00abFirst Responder\u00bb-Team, eine spezielle Einsatzgruppe f\u00fcr die schnelle Hilfe bei akuten gesundheitlichen Problemen. Dar\u00fcber sprachen wir mit dem Feuerwehrkommandanten Beni Gautschi. [&hellip;]<\/p>\n","protected":false},"author":2,"featured_media":0,"comment_status":"open","ping_status":"open","sticky":false,"template":"","format":"standard","meta":{"ocean_post_layout":"","ocean_both_sidebars_style":"","ocean_both_sidebars_content_width":0,"ocean_both_sidebars_sidebars_width":0,"ocean_sidebar":"","ocean_second_sidebar":"","ocean_disable_margins":"enable","ocean_add_body_class":"","ocean_shortcode_before_top_bar":"","ocean_shortcode_after_top_bar":"","ocean_shortcode_before_header":"","ocean_shortcode_after_header":"","ocean_has_shortcode":"","ocean_shortcode_after_title":"","ocean_shortcode_before_footer_widgets":"","ocean_shortcode_after_footer_widgets":"","ocean_shortcode_before_footer_bottom":"","ocean_shortcode_after_footer_bottom":"","ocean_display_top_bar":"default","ocean_display_header":"default","ocean_header_style":"","ocean_center_header_left_menu":"","ocean_custom_header_template":"","ocean_custom_logo":0,"ocean_custom_retina_logo":0,"ocean_custom_logo_max_width":0,"ocean_custom_logo_tablet_max_width":0,"ocean_custom_logo_mobile_max_width":0,"ocean_custom_logo_max_height":0,"ocean_custom_logo_tablet_max_height":0,"ocean_custom_logo_mobile_max_height":0,"ocean_header_custom_menu":"","ocean_menu_typo_font_family":"","ocean_menu_typo_font_subset":"","ocean_menu_typo_font_size":0,"ocean_menu_typo_font_size_tablet":0,"ocean_menu_typo_font_size_mobile":0,"ocean_menu_typo_font_size_unit":"px","ocean_menu_typo_font_weight":"","ocean_menu_typo_font_weight_tablet":"","ocean_menu_typo_font_weight_mobile":"","ocean_menu_typo_transform":"","ocean_menu_typo_transform_tablet":"","ocean_menu_typo_transform_mobile":"","ocean_menu_typo_line_height":0,"ocean_menu_typo_line_height_tablet":0,"ocean_menu_typo_line_height_mobile":0,"ocean_menu_typo_line_height_unit":"","ocean_menu_typo_spacing":0,"ocean_menu_typo_spacing_tablet":0,"ocean_menu_typo_spacing_mobile":0,"ocean_menu_typo_spacing_unit":"","ocean_menu_link_color":"","ocean_menu_link_color_hover":"","ocean_menu_link_color_active":"","ocean_menu_link_background":"","ocean_menu_link_hover_background":"","ocean_menu_link_active_background":"","ocean_menu_social_links_bg":"","ocean_menu_social_hover_links_bg":"","ocean_menu_social_links_color":"","ocean_menu_social_hover_links_color":"","ocean_disable_title":"on","ocean_disable_heading":"default","ocean_post_title":"","ocean_post_subheading":"","ocean_post_title_style":"","ocean_post_title_background_color":"","ocean_post_title_background":0,"ocean_post_title_bg_image_position":"","ocean_post_title_bg_image_attachment":"","ocean_post_title_bg_image_repeat":"","ocean_post_title_bg_image_size":"","ocean_post_title_height":0,"ocean_post_title_bg_overlay":0.5,"ocean_post_title_bg_overlay_color":"","ocean_disable_breadcrumbs":"default","ocean_breadcrumbs_color":"","ocean_breadcrumbs_separator_color":"","ocean_breadcrumbs_links_color":"","ocean_breadcrumbs_links_hover_color":"","ocean_display_footer_widgets":"default","ocean_display_footer_bottom":"default","ocean_custom_footer_template":"","_jetpack_memberships_contains_paid_content":false,"ocean_post_oembed":"","ocean_post_self_hosted_media":"","ocean_post_video_embed":"","ocean_link_format":"","ocean_link_format_target":"self","ocean_quote_format":"","ocean_quote_format_link":"post","ocean_gallery_link_images":"on","ocean_gallery_id":[],"footnotes":""},"categories":[3],"tags":[],"class_list":["post-4894","post","type-post","status-publish","format-standard","hentry","category-news","entry"],"yoast_head":"<!-- This site is optimized with the Yoast SEO plugin v27.5 - https:\/\/yoast.com\/product\/yoast-seo-wordpress\/ -->\n<title>First Responder - Feuerwehr Wittenbach-H\u00e4ggenschwil<\/title>\n<meta name=\"robots\" content=\"index, follow, max-snippet:-1, max-image-preview:large, max-video-preview:-1\" \/>\n<link rel=\"canonical\" href=\"https:\/\/fwwh.ch\/index.php\/2024\/09\/17\/first-responder\/\" \/>\n<meta property=\"og:locale\" content=\"de_DE\" \/>\n<meta property=\"og:type\" content=\"article\" \/>\n<meta property=\"og:title\" content=\"First Responder - Feuerwehr Wittenbach-H\u00e4ggenschwil\" \/>\n<meta property=\"og:description\" content=\"Seit September 2024 verf\u00fcgt die Feuerwehr Wittenbach-H\u00e4ggenschwil \u00fcber ein \u00abFirst Responder\u00bb-Team, eine spezielle Einsatzgruppe f\u00fcr die schnelle Hilfe bei akuten gesundheitlichen Problemen. Dar\u00fcber sprachen wir mit dem Feuerwehrkommandanten Beni Gautschi. [&hellip;]\" \/>\n<meta property=\"og:url\" content=\"https:\/\/fwwh.ch\/index.php\/2024\/09\/17\/first-responder\/\" \/>\n<meta property=\"og:site_name\" content=\"Feuerwehr Wittenbach-H\u00e4ggenschwil\" \/>\n<meta property=\"article:publisher\" content=\"https:\/\/www.facebook.com\/fwwh.ch\" \/>\n<meta property=\"article:published_time\" content=\"2024-09-17T06:30:24+00:00\" \/>\n<meta property=\"article:modified_time\" content=\"2024-09-17T08:31:35+00:00\" \/>\n<meta name=\"author\" content=\"admin\" \/>\n<meta name=\"twitter:card\" content=\"summary_large_image\" \/>\n<meta name=\"twitter:label1\" content=\"Verfasst von\" \/>\n\t<meta name=\"twitter:data1\" content=\"admin\" \/>\n\t<meta name=\"twitter:label2\" content=\"Gesch\u00e4tzte Lesezeit\" \/>\n\t<meta name=\"twitter:data2\" content=\"3\u00a0Minuten\" \/>\n<script type=\"application\/ld+json\" class=\"yoast-schema-graph\">{\"@context\":\"https:\\\/\\\/schema.org\",\"@graph\":[{\"@type\":\"Article\",\"@id\":\"https:\\\/\\\/fwwh.ch\\\/index.php\\\/2024\\\/09\\\/17\\\/first-responder\\\/#article\",\"isPartOf\":{\"@id\":\"https:\\\/\\\/fwwh.ch\\\/index.php\\\/2024\\\/09\\\/17\\\/first-responder\\\/\"},\"author\":{\"name\":\"admin\",\"@id\":\"https:\\\/\\\/fwwh.ch\\\/#\\\/schema\\\/person\\\/9d8748aa8e1de5b5cdcedf1aca707135\"},\"headline\":\"First Responder\",\"datePublished\":\"2024-09-17T06:30:24+00:00\",\"dateModified\":\"2024-09-17T08:31:35+00:00\",\"mainEntityOfPage\":{\"@id\":\"https:\\\/\\\/fwwh.ch\\\/index.php\\\/2024\\\/09\\\/17\\\/first-responder\\\/\"},\"wordCount\":495,\"commentCount\":0,\"publisher\":{\"@id\":\"https:\\\/\\\/fwwh.ch\\\/#organization\"},\"articleSection\":[\"News\"],\"inLanguage\":\"de\",\"potentialAction\":[{\"@type\":\"CommentAction\",\"name\":\"Comment\",\"target\":[\"https:\\\/\\\/fwwh.ch\\\/index.php\\\/2024\\\/09\\\/17\\\/first-responder\\\/#respond\"]}]},{\"@type\":\"WebPage\",\"@id\":\"https:\\\/\\\/fwwh.ch\\\/index.php\\\/2024\\\/09\\\/17\\\/first-responder\\\/\",\"url\":\"https:\\\/\\\/fwwh.ch\\\/index.php\\\/2024\\\/09\\\/17\\\/first-responder\\\/\",\"name\":\"First Responder - Feuerwehr Wittenbach-H\u00e4ggenschwil\",\"isPartOf\":{\"@id\":\"https:\\\/\\\/fwwh.ch\\\/#website\"},\"datePublished\":\"2024-09-17T06:30:24+00:00\",\"dateModified\":\"2024-09-17T08:31:35+00:00\",\"breadcrumb\":{\"@id\":\"https:\\\/\\\/fwwh.ch\\\/index.php\\\/2024\\\/09\\\/17\\\/first-responder\\\/#breadcrumb\"},\"inLanguage\":\"de\",\"potentialAction\":[{\"@type\":\"ReadAction\",\"target\":[\"https:\\\/\\\/fwwh.ch\\\/index.php\\\/2024\\\/09\\\/17\\\/first-responder\\\/\"]}]},{\"@type\":\"BreadcrumbList\",\"@id\":\"https:\\\/\\\/fwwh.ch\\\/index.php\\\/2024\\\/09\\\/17\\\/first-responder\\\/#breadcrumb\",\"itemListElement\":[{\"@type\":\"ListItem\",\"position\":1,\"name\":\"Startseite\",\"item\":\"https:\\\/\\\/fwwh.ch\\\/\"},{\"@type\":\"ListItem\",\"position\":2,\"name\":\"First Responder\"}]},{\"@type\":\"WebSite\",\"@id\":\"https:\\\/\\\/fwwh.ch\\\/#website\",\"url\":\"https:\\\/\\\/fwwh.ch\\\/\",\"name\":\"Feuerwehr Wittenbach-H\u00e4ggenschwil\",\"description\":\"\",\"publisher\":{\"@id\":\"https:\\\/\\\/fwwh.ch\\\/#organization\"},\"potentialAction\":[{\"@type\":\"SearchAction\",\"target\":{\"@type\":\"EntryPoint\",\"urlTemplate\":\"https:\\\/\\\/fwwh.ch\\\/?s={search_term_string}\"},\"query-input\":{\"@type\":\"PropertyValueSpecification\",\"valueRequired\":true,\"valueName\":\"search_term_string\"}}],\"inLanguage\":\"de\"},{\"@type\":\"Organization\",\"@id\":\"https:\\\/\\\/fwwh.ch\\\/#organization\",\"name\":\"Feuerwehr Wittenbach-H\u00e4ggenschwil\",\"url\":\"https:\\\/\\\/fwwh.ch\\\/\",\"logo\":{\"@type\":\"ImageObject\",\"inLanguage\":\"de\",\"@id\":\"https:\\\/\\\/fwwh.ch\\\/#\\\/schema\\\/logo\\\/image\\\/\",\"url\":\"https:\\\/\\\/i0.wp.com\\\/fwwh.ch\\\/wp-content\\\/uploads\\\/2020\\\/12\\\/FWWH_Signet_1-1.jpg?fit=2157%2C1671&ssl=1\",\"contentUrl\":\"https:\\\/\\\/i0.wp.com\\\/fwwh.ch\\\/wp-content\\\/uploads\\\/2020\\\/12\\\/FWWH_Signet_1-1.jpg?fit=2157%2C1671&ssl=1\",\"width\":2157,\"height\":1671,\"caption\":\"Feuerwehr Wittenbach-H\u00e4ggenschwil\"},\"image\":{\"@id\":\"https:\\\/\\\/fwwh.ch\\\/#\\\/schema\\\/logo\\\/image\\\/\"},\"sameAs\":[\"https:\\\/\\\/www.facebook.com\\\/fwwh.ch\",\"https:\\\/\\\/www.instagram.com\\\/fwwh.ch\\\/\",\"https:\\\/\\\/www.youtube.com\\\/channel\\\/UC6GgVz5vGEAlQbxNXs1pTqA\"]},{\"@type\":\"Person\",\"@id\":\"https:\\\/\\\/fwwh.ch\\\/#\\\/schema\\\/person\\\/9d8748aa8e1de5b5cdcedf1aca707135\",\"name\":\"admin\",\"image\":{\"@type\":\"ImageObject\",\"inLanguage\":\"de\",\"@id\":\"https:\\\/\\\/secure.gravatar.com\\\/avatar\\\/d00a1026beca4110a0c939de10019771e92b24c06af3bb33ed97ec288efe05cd?s=96&d=mm&r=g\",\"url\":\"https:\\\/\\\/secure.gravatar.com\\\/avatar\\\/d00a1026beca4110a0c939de10019771e92b24c06af3bb33ed97ec288efe05cd?s=96&d=mm&r=g\",\"contentUrl\":\"https:\\\/\\\/secure.gravatar.com\\\/avatar\\\/d00a1026beca4110a0c939de10019771e92b24c06af3bb33ed97ec288efe05cd?s=96&d=mm&r=g\",\"caption\":\"admin\"},\"url\":\"https:\\\/\\\/fwwh.ch\\\/index.php\\\/author\\\/admin\\\/\"}]}<\/script>\n<!-- \/ Yoast SEO plugin. -->","yoast_head_json":{"title":"First Responder - Feuerwehr Wittenbach-H\u00e4ggenschwil","robots":{"index":"index","follow":"follow","max-snippet":"max-snippet:-1","max-image-preview":"max-image-preview:large","max-video-preview":"max-video-preview:-1"},"canonical":"https:\/\/fwwh.ch\/index.php\/2024\/09\/17\/first-responder\/","og_locale":"de_DE","og_type":"article","og_title":"First Responder - Feuerwehr Wittenbach-H\u00e4ggenschwil","og_description":"Seit September 2024 verf\u00fcgt die Feuerwehr Wittenbach-H\u00e4ggenschwil \u00fcber ein \u00abFirst Responder\u00bb-Team, eine spezielle Einsatzgruppe f\u00fcr die schnelle Hilfe bei akuten gesundheitlichen Problemen. Dar\u00fcber sprachen wir mit dem Feuerwehrkommandanten Beni Gautschi. [&hellip;]","og_url":"https:\/\/fwwh.ch\/index.php\/2024\/09\/17\/first-responder\/","og_site_name":"Feuerwehr Wittenbach-H\u00e4ggenschwil","article_publisher":"https:\/\/www.facebook.com\/fwwh.ch","article_published_time":"2024-09-17T06:30:24+00:00","article_modified_time":"2024-09-17T08:31:35+00:00","author":"admin","twitter_card":"summary_large_image","twitter_misc":{"Verfasst von":"admin","Gesch\u00e4tzte Lesezeit":"3\u00a0Minuten"},"schema":{"@context":"https:\/\/schema.org","@graph":[{"@type":"Article","@id":"https:\/\/fwwh.ch\/index.php\/2024\/09\/17\/first-responder\/#article","isPartOf":{"@id":"https:\/\/fwwh.ch\/index.php\/2024\/09\/17\/first-responder\/"},"author":{"name":"admin","@id":"https:\/\/fwwh.ch\/#\/schema\/person\/9d8748aa8e1de5b5cdcedf1aca707135"},"headline":"First Responder","datePublished":"2024-09-17T06:30:24+00:00","dateModified":"2024-09-17T08:31:35+00:00","mainEntityOfPage":{"@id":"https:\/\/fwwh.ch\/index.php\/2024\/09\/17\/first-responder\/"},"wordCount":495,"commentCount":0,"publisher":{"@id":"https:\/\/fwwh.ch\/#organization"},"articleSection":["News"],"inLanguage":"de","potentialAction":[{"@type":"CommentAction","name":"Comment","target":["https:\/\/fwwh.ch\/index.php\/2024\/09\/17\/first-responder\/#respond"]}]},{"@type":"WebPage","@id":"https:\/\/fwwh.ch\/index.php\/2024\/09\/17\/first-responder\/","url":"https:\/\/fwwh.ch\/index.php\/2024\/09\/17\/first-responder\/","name":"First Responder - Feuerwehr Wittenbach-H\u00e4ggenschwil","isPartOf":{"@id":"https:\/\/fwwh.ch\/#website"},"datePublished":"2024-09-17T06:30:24+00:00","dateModified":"2024-09-17T08:31:35+00:00","breadcrumb":{"@id":"https:\/\/fwwh.ch\/index.php\/2024\/09\/17\/first-responder\/#breadcrumb"},"inLanguage":"de","potentialAction":[{"@type":"ReadAction","target":["https:\/\/fwwh.ch\/index.php\/2024\/09\/17\/first-responder\/"]}]},{"@type":"BreadcrumbList","@id":"https:\/\/fwwh.ch\/index.php\/2024\/09\/17\/first-responder\/#breadcrumb","itemListElement":[{"@type":"ListItem","position":1,"name":"Startseite","item":"https:\/\/fwwh.ch\/"},{"@type":"ListItem","position":2,"name":"First Responder"}]},{"@type":"WebSite","@id":"https:\/\/fwwh.ch\/#website","url":"https:\/\/fwwh.ch\/","name":"Feuerwehr Wittenbach-H\u00e4ggenschwil","description":"","publisher":{"@id":"https:\/\/fwwh.ch\/#organization"},"potentialAction":[{"@type":"SearchAction","target":{"@type":"EntryPoint","urlTemplate":"https:\/\/fwwh.ch\/?s={search_term_string}"},"query-input":{"@type":"PropertyValueSpecification","valueRequired":true,"valueName":"search_term_string"}}],"inLanguage":"de"},{"@type":"Organization","@id":"https:\/\/fwwh.ch\/#organization","name":"Feuerwehr Wittenbach-H\u00e4ggenschwil","url":"https:\/\/fwwh.ch\/","logo":{"@type":"ImageObject","inLanguage":"de","@id":"https:\/\/fwwh.ch\/#\/schema\/logo\/image\/","url":"https:\/\/i0.wp.com\/fwwh.ch\/wp-content\/uploads\/2020\/12\/FWWH_Signet_1-1.jpg?fit=2157%2C1671&ssl=1","contentUrl":"https:\/\/i0.wp.com\/fwwh.ch\/wp-content\/uploads\/2020\/12\/FWWH_Signet_1-1.jpg?fit=2157%2C1671&ssl=1","width":2157,"height":1671,"caption":"Feuerwehr Wittenbach-H\u00e4ggenschwil"},"image":{"@id":"https:\/\/fwwh.ch\/#\/schema\/logo\/image\/"},"sameAs":["https:\/\/www.facebook.com\/fwwh.ch","https:\/\/www.instagram.com\/fwwh.ch\/","https:\/\/www.youtube.com\/channel\/UC6GgVz5vGEAlQbxNXs1pTqA"]},{"@type":"Person","@id":"https:\/\/fwwh.ch\/#\/schema\/person\/9d8748aa8e1de5b5cdcedf1aca707135","name":"admin","image":{"@type":"ImageObject","inLanguage":"de","@id":"https:\/\/secure.gravatar.com\/avatar\/d00a1026beca4110a0c939de10019771e92b24c06af3bb33ed97ec288efe05cd?s=96&d=mm&r=g","url":"https:\/\/secure.gravatar.com\/avatar\/d00a1026beca4110a0c939de10019771e92b24c06af3bb33ed97ec288efe05cd?s=96&d=mm&r=g","contentUrl":"https:\/\/secure.gravatar.com\/avatar\/d00a1026beca4110a0c939de10019771e92b24c06af3bb33ed97ec288efe05cd?s=96&d=mm&r=g","caption":"admin"},"url":"https:\/\/fwwh.ch\/index.php\/author\/admin\/"}]}},"jetpack_featured_media_url":"","jetpack_sharing_enabled":true,"_links":{"self":[{"href":"https:\/\/fwwh.ch\/index.php\/wp-json\/wp\/v2\/posts\/4894","targetHints":{"allow":["GET"]}}],"collection":[{"href":"https:\/\/fwwh.ch\/index.php\/wp-json\/wp\/v2\/posts"}],"about":[{"href":"https:\/\/fwwh.ch\/index.php\/wp-json\/wp\/v2\/types\/post"}],"author":[{"embeddable":true,"href":"https:\/\/fwwh.ch\/index.php\/wp-json\/wp\/v2\/users\/2"}],"replies":[{"embeddable":true,"href":"https:\/\/fwwh.ch\/index.php\/wp-json\/wp\/v2\/comments?post=4894"}],"version-history":[{"count":4,"href":"https:\/\/fwwh.ch\/index.php\/wp-json\/wp\/v2\/posts\/4894\/revisions"}],"predecessor-version":[{"id":4898,"href":"https:\/\/fwwh.ch\/index.php\/wp-json\/wp\/v2\/posts\/4894\/revisions\/4898"}],"wp:attachment":[{"href":"https:\/\/fwwh.ch\/index.php\/wp-json\/wp\/v2\/media?parent=4894"}],"wp:term":[{"taxonomy":"category","embeddable":true,"href":"https:\/\/fwwh.ch\/index.php\/wp-json\/wp\/v2\/categories?post=4894"},{"taxonomy":"post_tag","embeddable":true,"href":"https:\/\/fwwh.ch\/index.php\/wp-json\/wp\/v2\/tags?post=4894"}],"curies":[{"name":"wp","href":"https:\/\/api.w.org\/{rel}","templated":true}]}}